{"id":5142,"date":"2021-09-08T15:04:37","date_gmt":"2021-09-08T13:04:37","guid":{"rendered":"https:\/\/mobility-with-disabilities.org\/2021\/09\/08\/urlaubsreisen-begleiten-allein-und-in-der-gruppe-fabian-pia-und-mark-im-interview\/"},"modified":"2021-09-08T15:04:38","modified_gmt":"2021-09-08T13:04:38","slug":"urlaubsreisen-begleiten-allein-und-in-der-gruppe-fabian-pia-und-mark-im-interview","status":"publish","type":"post","link":"https:\/\/mobility-with-disabilities.org\/de\/2021\/09\/08\/urlaubsreisen-begleiten-allein-und-in-der-gruppe-fabian-pia-und-mark-im-interview\/","title":{"rendered":"Urlaubsreisen begleiten \u2013 allein und in der Gruppe Fabian, Pia und Mark im Interview"},"content":{"rendered":"<p><i><span style=\"font-weight: 400;\">Die drei Heilerziehungspfleger*innen haben sich durch ihre Ausbildung in Berlin kennengelernt und arbeiten seitdem in verschiedenen Kontexten in der Behindertenhilfe. Wir bedanken und herzlich f\u00fcr das Interview.<\/span><\/i><\/p>\n\n<p>M: Mark, 30, aus Berlin. Ich bin seit 10 Jahren in der Behindertenhilfe unterwegs, angefangen mit dem FSJ und habe dann die Ausbildung zum Heilerziehungspfleger gemacht und da gr\u00f6\u00dftenteils Pflegeassistenzjobs \u00fcbernommen. Hier und da auch Urlaubsreisen f\u00fcr Menschen mit Behinderungen begleitet und im Rahmen der Assistenz bin ich mit meiner Klientin mehrmals auf Urlaubsreisen gewesen. <\/p>\n\n<p>F: Fabian, auch 30, ich habe eine Ausbildung zum Heilerziehungspfleger gemacht und hatte vorher nicht so viel mit dem Thema zu tun. Anschlie\u00dfend habe ich im ambulanten Wohnen gearbeitet, ausschlie\u00dflich mit geistig behinderten Menschen. Ich habe auch mehrere Ferienfahrten innerhalb Deutschlands gemacht und auch von Reisepl\u00e4nen mitbekommen, die Leute umsetzen wollten. Ich habe zum Beispiel auch mal mit zwei verschiedenen Klienten versucht eine Reise zu planen, einfach nur theoretisch. Ohne dass es jetzt darum geht, dass man die umsetzt. Aber einfach mal guckt, was braucht man daf\u00fcr \u00fcberhaupt?&#13;\n<\/p>\n\n<p class=\"has-text-align-left\">P: Pia, 29, ich habe 2013 mit einer Erzieherinnenausbildung angefangen, habe die drei, vier Jahre gemacht und w\u00e4hrenddessen angefangen in der Einzelfallhilfe f\u00fcr eine 14-J\u00e4hrige mit Trisomie21 zu arbeiten. Dann habe ich mit meiner Heilerziehungspflegerinnenausbildung angefangen und sp\u00e4ter im betreuten Einzelwohnen gearbeitet. In dieser Zeit habe ich drei Wochen lang eine Reise mit Menschen, die k\u00f6rperlich und geistig und psychisch behindert sind, betreut, in den Harz, und habe im Laufe meiner Besch\u00e4ftigung im betreuten Einzelwohnen drei Jahre lang zwei Gruppenreisen innerhalb Brandenburgs mit betreut.&#13;\n<\/p>\n\n<div class=\"wp-block-image is-style-default\"><figure class=\"aligncenter size-large is-resized\"><noscript><img src=\"https:\/\/mobility-with-disabilities.org\/wp-content\/uploads\/2021\/09\/lukasz-szmigiel-Z4wf3HsWu1M-unsplash-767x1024.jpg\" alt class=\"wp-image-5128\" width=\"397\" height=\"530\" srcset=\"https:\/\/mobility-with-disabilities.org\/wp-content\/uploads\/2021\/09\/lukasz-szmigiel-Z4wf3HsWu1M-unsplash-767x1024.jpg 767w, https:\/\/mobility-with-disabilities.org\/wp-content\/uploads\/2021\/09\/lukasz-szmigiel-Z4wf3HsWu1M-unsplash-225x300.jpg 225w, https:\/\/mobility-with-disabilities.org\/wp-content\/uploads\/2021\/09\/lukasz-szmigiel-Z4wf3HsWu1M-unsplash-768x1025.jpg 768w, https:\/\/mobility-with-disabilities.org\/wp-content\/uploads\/2021\/09\/lukasz-szmigiel-Z4wf3HsWu1M-unsplash-1150x1536.jpg 1150w, https:\/\/mobility-with-disabilities.org\/wp-content\/uploads\/2021\/09\/lukasz-szmigiel-Z4wf3HsWu1M-unsplash-1534x2048.jpg 1534w, https:\/\/mobility-with-disabilities.org\/wp-content\/uploads\/2021\/09\/lukasz-szmigiel-Z4wf3HsWu1M-unsplash-scaled.jpg 1917w\" sizes=\"(max-width: 397px) 100vw, 397px\"><\/noscript><img src=\"data:image\/svg+xml,%3Csvg%20xmlns%3D%22http%3A%2F%2Fwww.w3.org%2F2000%2Fsvg%22%20viewBox%3D%220%200%20397%20530%22%3E%3C%2Fsvg%3E\" alt class=\"wp-image-5128 lazyload\" width=\"397\" height=\"530\" srcset=\"data:image\/svg+xml,%3Csvg%20xmlns%3D%22http%3A%2F%2Fwww.w3.org%2F2000%2Fsvg%22%20viewBox%3D%220%200%20397%20530%22%3E%3C%2Fsvg%3E 397w\" sizes=\"(max-width: 397px) 100vw, 397px\" data-srcset=\"https:\/\/mobility-with-disabilities.org\/wp-content\/uploads\/2021\/09\/lukasz-szmigiel-Z4wf3HsWu1M-unsplash-767x1024.jpg 767w, https:\/\/mobility-with-disabilities.org\/wp-content\/uploads\/2021\/09\/lukasz-szmigiel-Z4wf3HsWu1M-unsplash-225x300.jpg 225w, https:\/\/mobility-with-disabilities.org\/wp-content\/uploads\/2021\/09\/lukasz-szmigiel-Z4wf3HsWu1M-unsplash-768x1025.jpg 768w, https:\/\/mobility-with-disabilities.org\/wp-content\/uploads\/2021\/09\/lukasz-szmigiel-Z4wf3HsWu1M-unsplash-1150x1536.jpg 1150w, https:\/\/mobility-with-disabilities.org\/wp-content\/uploads\/2021\/09\/lukasz-szmigiel-Z4wf3HsWu1M-unsplash-1534x2048.jpg 1534w, https:\/\/mobility-with-disabilities.org\/wp-content\/uploads\/2021\/09\/lukasz-szmigiel-Z4wf3HsWu1M-unsplash-scaled.jpg 1917w\" data-src=\"https:\/\/mobility-with-disabilities.org\/wp-content\/uploads\/2021\/09\/lukasz-szmigiel-Z4wf3HsWu1M-unsplash-767x1024.jpg\" loading=\"lazy\"><\/figure><\/div>\n\n<h3>Sie haben also alle mindestens eine Reise unternommen oder waren mit Menschen mit Behinderungen unterwegs. Wie war das, wo waren Sie, was haben Sie gemacht?<\/h3>\n\n<p>F: Da gibt\u2019s verschiedene Perspektiven. Soll ich anfangen?<\/p>\n\n<p>M: Wie du magst.<\/p>\n\n<p>F: Ich fang mal an. Wenn irgendwelche Fahrten anstehen, gibt es zwei M\u00f6glichkeiten: Entweder du gestaltest es selber als Projekt und sagst \u201eOk, wir haben so und so viel Kontingent vom Tr\u00e4ger und k\u00f6nnen damit eine Reise machen, mit den Leuten zusammen\u201c. Da kannst du dich wirklich in der Betreuungssituation mit den Leuten hinsetzen und die planen. Oder es gibt halt so vorgefertigte Reisestrukturen, zwei Wochen betreut nach Griechenland, Athen, was auch immer. Sowas ist aber meistens \u00fcbelst teuer.&#13;\n<\/p>\n\n<p>Die Reisen an sich waren insoweit immer recht stressig f\u00fcr mich als Betreuungsperson, weil du eigentlich nie Pause hast. Du hast nicht diese 8 Stunden Arbeit oder 10 Stunden, die dir bezahlt werden, weil die werden dann maximal bezahlt. Und alles dar\u00fcber hinaus ist dann sozusagen Freizeit, Pause. Die Pause gibt\u2019s aber nicht. Du bist halt, wenn du zwei Wochen mit den Leuten da bist, zwei Wochen 24 Stunden mit den Leuten da. Also vielleicht ein, zwei Mal kannst du dich so ein bisschen rausnehmen, f\u00fcr ein, zwei Stunden. &#13;\nUnd es war aber letztendlich dadurch, dass wir nur auf irgendwelchen Campingpl\u00e4tzen waren, eigentlich ein ganz entspannter Urlaub, wie man es auch kennt in einer Gruppe. Ich bin nicht mit fremden Leuten in Kontakt gekommen.<\/p>\n\n<p>M: Das ist dann halt schon immer sehr vorstrukturiert.<\/p>\n\n<p>F: Du wurdest schon so eingeengt, nicht aus Deutschland raus, weil nicht genug Geld da ist. Was ich beobachten konnte ist, dass wenn eine Sache gut war, wird sie jedes Jahr wiederholt. Das war so dieses: Ja okay, das eine Jahr auf den Campingplatz nach Nordrhein-Westfalen, dann wird das zehn Jahre hintereinander gemacht, ohne dass jemand auf die Idee kommen k\u00f6nnte das vielleicht mal anders zu machen.&#13;\n<\/p>\n\n<p>M: Und auf die W\u00fcnsche von den einzelnen Leuten eingehen.<\/p>\n\n<p>F: Es war eigentlich immer ganz stark vom Betreuungspersonal abh\u00e4ngig, inwiefern du dem Menschen bewusst machst, wie viel Wahl er selber hat. Also da liegt es an mir dem Menschen zu vermitteln, dass wir eben nicht das zehnte Jahr hintereinander auf einen Campingplatz fahren m\u00fcssen, sondern wir k\u00f6nnen auch mal der Gruppe vorschlagen, das und das zu machen. Und da muss man meiner Ansicht nach mal ein bisschen die Initiative in die Hand nehmen. Den Leuten die Wahl lassen, und den Leuten \u00fcberhaupt erstmal eine andere Vorstellung erm\u00f6glichen.<\/p>\n\n<p>P: Was da auch helfen k\u00f6nnte ist, dass Verantwortungen innerhalb des Teams wechseln. Dass nicht jedes Jahr die gleiche Suppe aufgekocht wird<\/p>\n\n<p>F: Mark, vielleicht kannst du von deinen Erfahrungen in der Begleitung von einer Einzelperson, also in der pers\u00f6nlichen Assistenz erz\u00e4hlen?<\/p>\n\n<p>M: Ja, also f\u00fcr ein oder zwei Wochen habe ich, bzw. haben wir zu zweit, zwei Assistenzen, irgendwo am Meer, ich glaube an der Ostsee, unsere Klientin begleitet und das war eigentlich zwei Wochen lang Arbeit. 24 Stunden wurden auch bezahlt, quasi vom Amt.<\/p>\n\n<p>P: \u00dcber das pers\u00f6nliche Budget?<\/p>\n\n<p>M: Ja, genau, \u00fcber das pers\u00f6nliche Budget. Und ja das hat sich auch \u00e4hnlich angef\u00fchlt, n\u00e4mlich dass man wenig Freizeit hat, weil man sich zu zweit die komplette Pflege f\u00fcr eine Person geteilt hat. Und das ist dann schon auch sehr innig und eng und wird dadurch auch schnell konfliktgeladen. <\/p>\n\n<p>Da spielt die direkte k\u00f6rperliche Abh\u00e4ngigkeit von der assistenzgebenden Person rein, wenn die Klientin dann vielleicht manchmal auch keinen Bock hat, irgendwen um sich rum zu haben, aber halt dann muss. Und ich bin auch sehr oft auch auf emotionale Konflikte innerhalb der Person gesto\u00dfen. Dann kamen noch die Emotionen von mit als Assistenten hier und da durch \u2013 weil du das auch nicht komplett trennen kannst \u2013 ja, da gab es hin und wieder schwierige Situationen. &#13;\n<\/p>\n\n<div class=\"wp-block-image\"><figure class=\"aligncenter is-resized\"><noscript><img src=\"https:\/\/mobility-with-disabilities.org\/wp-content\/uploads\/2021\/09\/anton-sharov-_kkx1WekVRY-unsplash-scaled.jpg\" alt class=\"wp-image-5124\" width=\"599\" height=\"449\" srcset=\"https:\/\/mobility-with-disabilities.org\/wp-content\/uploads\/2021\/09\/anton-sharov-_kkx1WekVRY-unsplash-scaled.jpg 2560w, https:\/\/mobility-with-disabilities.org\/wp-content\/uploads\/2021\/09\/anton-sharov-_kkx1WekVRY-unsplash-300x225.jpg 300w, https:\/\/mobility-with-disabilities.org\/wp-content\/uploads\/2021\/09\/anton-sharov-_kkx1WekVRY-unsplash-1024x768.jpg 1024w, https:\/\/mobility-with-disabilities.org\/wp-content\/uploads\/2021\/09\/anton-sharov-_kkx1WekVRY-unsplash-768x576.jpg 768w, https:\/\/mobility-with-disabilities.org\/wp-content\/uploads\/2021\/09\/anton-sharov-_kkx1WekVRY-unsplash-1536x1152.jpg 1536w, https:\/\/mobility-with-disabilities.org\/wp-content\/uploads\/2021\/09\/anton-sharov-_kkx1WekVRY-unsplash-2048x1536.jpg 2048w\" sizes=\"(max-width: 599px) 100vw, 599px\"><\/noscript><img src=\"data:image\/svg+xml,%3Csvg%20xmlns%3D%22http%3A%2F%2Fwww.w3.org%2F2000%2Fsvg%22%20viewBox%3D%220%200%20599%20449%22%3E%3C%2Fsvg%3E\" alt class=\"wp-image-5124 lazyload\" width=\"599\" height=\"449\" srcset=\"data:image\/svg+xml,%3Csvg%20xmlns%3D%22http%3A%2F%2Fwww.w3.org%2F2000%2Fsvg%22%20viewBox%3D%220%200%20599%20449%22%3E%3C%2Fsvg%3E 599w\" sizes=\"(max-width: 599px) 100vw, 599px\" data-srcset=\"https:\/\/mobility-with-disabilities.org\/wp-content\/uploads\/2021\/09\/anton-sharov-_kkx1WekVRY-unsplash-scaled.jpg 2560w, https:\/\/mobility-with-disabilities.org\/wp-content\/uploads\/2021\/09\/anton-sharov-_kkx1WekVRY-unsplash-300x225.jpg 300w, https:\/\/mobility-with-disabilities.org\/wp-content\/uploads\/2021\/09\/anton-sharov-_kkx1WekVRY-unsplash-1024x768.jpg 1024w, https:\/\/mobility-with-disabilities.org\/wp-content\/uploads\/2021\/09\/anton-sharov-_kkx1WekVRY-unsplash-768x576.jpg 768w, https:\/\/mobility-with-disabilities.org\/wp-content\/uploads\/2021\/09\/anton-sharov-_kkx1WekVRY-unsplash-1536x1152.jpg 1536w, https:\/\/mobility-with-disabilities.org\/wp-content\/uploads\/2021\/09\/anton-sharov-_kkx1WekVRY-unsplash-2048x1536.jpg 2048w\" data-src=\"https:\/\/mobility-with-disabilities.org\/wp-content\/uploads\/2021\/09\/anton-sharov-_kkx1WekVRY-unsplash-scaled.jpg\" loading=\"lazy\"><\/figure><\/div>\n\n<h3><b><i>Wenn du zwei Wochen lang unterwegs warst \u2013 wenn man jetzt mal ganz simpel rechnet \u2013 hast du zw\u00f6lf Stunden Arbeit am Tag, zwei Wochen lang. Sind es tats\u00e4chlich zw\u00f6lf Stunden?<\/i><\/b><\/h3>\n\n<p>M: Das war eher aufgeteilt in mal so zwei oder drei Stunden Grundpflegebegleitung morgens, und dann halt mittags und abends, da hat man sich halt abgewechselt. Und ansonsten wars halt auch mal, zwei Stunden am Strand ihren Rollstuhl schieben und selbst Urlaub machen und rumsitzen und Kaffee trinken.<\/p>\n\n<p>F: Aber trotzdem kannst du als Assistenz kopfm\u00e4\u00dfig nie in diesen Urlaubsmodus kommen.<\/p>\n\n<p>M: Ja also man hatte schon mal drei Stunden frei, wo man sich auch mal zur\u00fcckziehen und seinen Kram machen konnte, aber man war auf Abruf. Also wenn die Klientin einen Toilettengang gebraucht hat, ja, war man schon immer am Start.<\/p>\n\n<p>F: Und du musst ja auch immer am Start sein.<\/p>\n\n<p>M: Naja wir waren ja zwei Leute, jetzt bei der Reise.<\/p>\n\n<p>F: Ach ja stimmt.<\/p>\n\n<p>M: Stell noch eine Frage (lacht).<\/p>\n\n<h3><b><i>Ja, ich habe eine Frage, aber an Pia. Muss man bei einer Gruppenreise immer am Start sein?<\/i><\/b><\/h3>\n\n<p>P: Ja. Du sagst schon ja zu einer Arbeit, die halt eben nicht im Schichtdienst ist und nicht mit festen Zeiten imitiert werden kann. Wenn du auf eine Fahrt f\u00e4hrst, stimmst du schon dem Kleingedruckten zu, dass du schon immer auf Abruf bist. <\/p>\n\n<h3><b><i>Wie funktioniert denn die Organisation von so einer Gruppenreise?<\/i><\/b><\/h3>\n\n<p>M: Also ein Verein, mit dem ich schon zwei Gruppenreisen f\u00fcr Erwachsene geplant habe, bietet auch Gruppenreisen in verschiedenen Altersgruppen an. Da gibt es so ab acht, neun los.&#13;\n<\/p>\n\n<p>F: Machen die das dann so als offenes Angebot, oder l\u00e4uft das unter ihrem Tr\u00e4ger?<\/p>\n\n<p>M: Ne, das ist eine von dem Verein geplante Reise, die engagieren halt Leute, die jeweils begleiten, und machen das Organisatorische. Und die Reiseplanung geht dann auf die Begleitpersonen. Da gibt\u2019s dann eine Reiseleitung, die alles koordiniert und Aufgaben verteilt und guckt, dass man im Vorhinein den Urlaub so ein bisschen plant. Und die Leute, die Reisenden, vorher einmal besucht, um sie kennenzulernen und anhand der Interessen m\u00f6glichst den Urlaub so gestaltet, dass alle auf ihre Kosten kommen.<\/p>\n\n<h3><b><i>I: Habt ihr auch schon schlechte Erfahrungen gemacht?<\/i><\/b><\/h3>\n\n<p>M: Ich habe schlechte Erfahrungen mit Kolleg*innen gemacht, die den Urlaub und die Aktivit\u00e4ten schon sehr bevormundend gestaltet haben. Beispiel: Da war eine Fu\u00dfball-WM zu der Zeit und da hatten zwei Reisende Lust zuzugucken, dem Rest war das nicht wichtig. Und dann war der Druck die ganze Zeit da, Spiele mitzunehmen. Aber halt eher von den Betreuern als von den Reisenden \u2013 und jetzt so im Nachhinein betrachtet (damals hatte ich noch nicht so viel Erfahrung), ist es halt schon ihre Reise\u2026 Aber Bestimmung macht halt den Rahmen. (schaut zu Fabian) Das ist ja bei deinem auch bisschen so gewesen.<\/p>\n\n<p>F: Ja, weil eigentlich geht es ja darum: Was haben Leute f\u00fcr M\u00f6glichkeiten? Und was gibt es f\u00fcr M\u00f6glichkeiten als Au\u00dfenstehender sowas zu begleiten? Und du sagst zum Beispiel du hast auch Leute, die nicht gelernt sind in dem Beruf. Dann ist das ja trotzdem f\u00fcr Leute, die Bock haben sowas zu machen, eine gute M\u00f6glichkeit.<\/p>\n\n<p>M: Wenn eine Reise zwei Wochen dauert, habe ich die Erfahrung gemacht, dass gerade ungelernte Leute in so einer Reisebegleitung an ihre Grenzen gekommen sind. Eben auch wegen dieser 24 Stunden Bereitschaft.<\/p>\n\n<p>Aber es muss niemals so hart arbeitslastig sein, wie es bei manchen unorganisierten Tr\u00e4gern ist. Das war so mein Go-To-Punkt. Wenn die Organisation gut ist, dann kann man auch Hilfskr\u00e4fte und Quereinsteiger*innen mit reinnehmen. Was das ganze ja auch noch erfrischt. Weil ich finde du brauchst meistens nicht zu 100 Prozent ausgebildetes Fachpersonal, um eine p\u00e4dagogisch wertvolle Reise an Start zu bringen.<\/p>\n\n<p>F: Exakt.<\/p>\n\n<p>M: Ich habe auch sehr gute Erfahrung mit ungelerntem Personal gemacht. Also mit Leuten, die damit wenig Ber\u00fchrungspunkte hatten. Und aber einfach einen super emphatischen Job gemacht haben, so intuitiv einfach. Und auch offen waren f\u00fcr Hilfen und sonstwas. Und das ist dann eher so eine Charakterfrage oder eine Einstellung zu der Sache.<\/p>\n\n<div class=\"wp-block-image\"><figure class=\"aligncenter size-large is-resized\"><noscript><img src=\"https:\/\/mobility-with-disabilities.org\/wp-content\/uploads\/2021\/09\/david-knudsen-4s-D0CAI6UQ-unsplash-727x1024.jpg\" alt class=\"wp-image-5132\" width=\"386\" height=\"544\" srcset=\"https:\/\/mobility-with-disabilities.org\/wp-content\/uploads\/2021\/09\/david-knudsen-4s-D0CAI6UQ-unsplash-727x1024.jpg 727w, https:\/\/mobility-with-disabilities.org\/wp-content\/uploads\/2021\/09\/david-knudsen-4s-D0CAI6UQ-unsplash-213x300.jpg 213w, https:\/\/mobility-with-disabilities.org\/wp-content\/uploads\/2021\/09\/david-knudsen-4s-D0CAI6UQ-unsplash-768x1081.jpg 768w, https:\/\/mobility-with-disabilities.org\/wp-content\/uploads\/2021\/09\/david-knudsen-4s-D0CAI6UQ-unsplash-1091x1536.jpg 1091w, https:\/\/mobility-with-disabilities.org\/wp-content\/uploads\/2021\/09\/david-knudsen-4s-D0CAI6UQ-unsplash-1454x2048.jpg 1454w, https:\/\/mobility-with-disabilities.org\/wp-content\/uploads\/2021\/09\/david-knudsen-4s-D0CAI6UQ-unsplash-scaled.jpg 1818w\" sizes=\"(max-width: 386px) 100vw, 386px\"><\/noscript><img src=\"data:image\/svg+xml,%3Csvg%20xmlns%3D%22http%3A%2F%2Fwww.w3.org%2F2000%2Fsvg%22%20viewBox%3D%220%200%20386%20544%22%3E%3C%2Fsvg%3E\" alt class=\"wp-image-5132 lazyload\" width=\"386\" height=\"544\" srcset=\"data:image\/svg+xml,%3Csvg%20xmlns%3D%22http%3A%2F%2Fwww.w3.org%2F2000%2Fsvg%22%20viewBox%3D%220%200%20386%20544%22%3E%3C%2Fsvg%3E 386w\" sizes=\"(max-width: 386px) 100vw, 386px\" data-srcset=\"https:\/\/mobility-with-disabilities.org\/wp-content\/uploads\/2021\/09\/david-knudsen-4s-D0CAI6UQ-unsplash-727x1024.jpg 727w, https:\/\/mobility-with-disabilities.org\/wp-content\/uploads\/2021\/09\/david-knudsen-4s-D0CAI6UQ-unsplash-213x300.jpg 213w, https:\/\/mobility-with-disabilities.org\/wp-content\/uploads\/2021\/09\/david-knudsen-4s-D0CAI6UQ-unsplash-768x1081.jpg 768w, https:\/\/mobility-with-disabilities.org\/wp-content\/uploads\/2021\/09\/david-knudsen-4s-D0CAI6UQ-unsplash-1091x1536.jpg 1091w, https:\/\/mobility-with-disabilities.org\/wp-content\/uploads\/2021\/09\/david-knudsen-4s-D0CAI6UQ-unsplash-1454x2048.jpg 1454w, https:\/\/mobility-with-disabilities.org\/wp-content\/uploads\/2021\/09\/david-knudsen-4s-D0CAI6UQ-unsplash-scaled.jpg 1818w\" data-src=\"https:\/\/mobility-with-disabilities.org\/wp-content\/uploads\/2021\/09\/david-knudsen-4s-D0CAI6UQ-unsplash-727x1024.jpg\" loading=\"lazy\"><\/figure><\/div>\n\n<h3><b><i>Was ist noch wichtig f\u00fcr die Organisation im Team?<\/i><\/b><\/h3>\n\n<p>P: Ich glaub wichtig dabei ist wirklich das Leitbild: Das hei\u00dft wie gehen wir mit allgemeinen oder gewissen, konkreten Dingen um? Wie ist eigentlich meine Rolle? Was m\u00f6chte ich eigentlich gerade f\u00fcr einen p\u00e4dagogischen Auftrag erf\u00fcllen? Solche Leitbilder, die entweder von dem Tr\u00e4ger oder von dem Verein, der diese Reise durchf\u00fchrt, festgesetzt werden; oder das Team selber, das sich dann spontan findet, muss sich bei gewissen Dingen einig sein. Zum Beispiel: Was habe ich eigentlich f\u00fcr einen p\u00e4dagogischen Auftrag? Muss ich jetzt zum Beispiel Elke beim Fr\u00fchst\u00fcckstisch beibringen, wie man Messer richtig h\u00e4lt?&#13;\n<\/p>\n\n<p>F: Oder, dass sie nur einen Kaffee trinken darf.<\/p>\n\n<p>P: Oder, dass sie nur einen Kaffee trinken darf. Oder habe ich mich im Endeffekt im Vorhinein mit meinem Team abgestimmt: Was sind Leitbilder? Wo sind eventuelle Vorkrankheiten, wer hat Diabetes, wer neigt dazu, den K\u00fchlschrank nachts leer zu r\u00e4umen? Und dann aber auch ganz klar festzulegen, wo grenze ich Selbstbestimmung ein. Und das ist einfach ein ganz, ganz gro\u00dfer Punkt. Und ich glaube wenn das im Team gekl\u00e4rt ist, hat das einen erheblichen Einfluss auf die Reise und wie es wahrgenommen wird. Und das finde ich n\u00e4mlich ganz wichtig und darauf w\u00fcrde ich pochen als Mensch, wie ich eine Reise angehen m\u00f6chte, oder als Begleitende. Bist du jetzt hier dabei, um Leuten irgendein Ziel beizubringen oder einfach nur eine sch\u00f6ne Zeit zu haben und w\u00e4hrenddessen einfach nur einen lockeren Rahmen zu geben. <\/p>\n\n<h3><b><i>Wie wei\u00df ich als begleitende Person denn, was mein p\u00e4dagogischer Auftrag ist?<\/i><\/b><\/h3>\n\n<p>P: Als begleitende Person in einem Reisekontext finde ich es unglaublich wichtig, mit den Menschen, die ich vor mir habe, Ziele zu vereinbaren. Ich habe eine Bindung zu dem, eine Beziehung, und ich setze mit dem Ziele oder auch Grenzen. Ansagen, klare Grenzen und klare Linien k\u00f6nnen besser verfolgt werden als schwammige Linien. Und das muss nicht alles durchgeplant sein, aber einfach: Das sind meine Grenzen, das sind deine Grenzen. Was haben wir uns hier als Ziel gesetzt? Irgendwie sowas. Um einen Rahmen festzusetzen, einen Rahmen, in dem wir uns bewegen k\u00f6nnen. Das finde ich sehr, sehr wichtig. Genau das gleiche geht ans Team: Einen Rahmen, ein Spielfeld festzulegen, mit dem ich wei\u00df, wo ich mich bewegen kann. Das ist f\u00fcr alle Beteiligten einfacher. &#13;\n<\/p>\n\n<p>Und wir hatten in dem betreuten Einzelwohnen, in dem ich gearbeitet habe, jeden Monat eine Klientelversammlung, in der alle Bewohner*innen oder Kundschaften des betreuten Einzelwohnens zusammenkommen konnten und \u00fcber genau solche Sachen abstimmen konnten: Was m\u00f6chte ich von der n\u00e4chsten Reise haben? Da wurde ein Protokoll rausgegeben und alles sehr transparent gemacht. Das fand ich sehr sehr gut. <\/p>\n\n<p>Das ist glaube ich mein Abschlusssatz: Egal mit welchem Klientel, egal mit welchem Alter, Herkunft oder sogar laut Sozialgesetzbuchartikel: Du kannst von Menschen nicht erwarten, dass sie Verantwortung \u00fcbernehmen, wenn du sie ihnen nicht gibst. Du gibst dem Klientel eine kleine Art von Verantwortung und dann k\u00f6nnen sie diese Reise mitbestimmen und das ist das wichtigste. Punkt.<\/p>\n\n<p>F: Ich finde noch zwei Sachen wichtig. Einmal ist es auch immer eine Kostenfrage. Wenn du gewisse Sozialleistungen beziehst \u2013 jetzt aus der Perspektive von Klienten und Klientinnen \u2013 darfst du nur einen gewissen Betrag ansparen. Das hei\u00dft es gibt f\u00fcr gewisse Leistungsbezieher gar nicht die M\u00f6glichkeit bestimmte Reisen anzutreten, weil sie gar nicht so viel ansparen d\u00fcrfen, um sich das \u00fcberhaupt leisten zu k\u00f6nnen. Das ist ein Problem.<\/p>\n\n<p>M: Ja.<\/p>\n\n<p>P: Ja.<\/p>\n\n<p>F: Das hei\u00dft du bist von Grund auf nicht dazu in der Lage, eine eigene Reise zu finanzieren. Und der zweite Punkt, der auch daran anschlie\u00dft, was ich am wichtigsten finde, ist, dass oftmals der Zugriff zu den eigenen Rechten \u00fcber die Assistenz passieren kann \u2013 hoffentlich \u2013 wenn die ihren Job macht. Also das hei\u00dft meinem Klientel kann ich seine Rechte vermitteln, indem ich das gut \u00fcbersetze.&#13;\n<\/p>\n\n<p>Wie eine Reise wird, liegt glaube ich ganz stark an der Hilfestruktur insgesamt und wie sehr sich Leute um dich rum engagieren, um dir das bestm\u00f6gliche Paket zusammenzuschustern. Aus meiner Erfahrung hat die Assistenz da ganz viel Einfluss darauf, wie geil die Reise f\u00fcr den Menschen werden kann. Weil die Assistenz auch das umsetzen kann, was der Mensch in dem Moment w\u00fcnscht, am besten mit der Hilfe des Menschen selbst. Und wenn du da einen schei\u00df Job machst, dich aber hinstellst und sagst \u201eJa Hauptsache wir machen jetzt irgendwohin\u201c\u2026<\/p>\n\n<p>M: \u201cHauptsache ich habe schnell Feierabend.\u201c<\/p>\n\n<p>F: Genau, dann ist halt der Wunsch nicht erf\u00fcllt. Die Barriere wird noch gr\u00f6\u00dfer, diesen zu gestalten. Die Frage, worum es geht \u2013 und die wir uns immer wieder stellen sollten \u2013 ist: Was kannst du tun, damit die Reise f\u00fcr die Menschen geil wird? Das ist ja die Frage, um die es geht. &#13;\n&#13;\n<\/p>\n\n<p>* Das FSJ ist eine M\u00f6glichkeit, in der Bundesrepublik Deutschland ein Jahr lang f\u00fcr wenig Geld einen Freiwilligendienst zu absolvieren und dabei etwas zu lernen und sich beruflich zu orientieren.<\/p>\n","protected":false},"excerpt":{"rendered":"<p>Die drei Heilerziehungspfleger*innen haben sich durch ihre Ausbildung in Berlin kennengelernt und arbeiten seitdem in verschiedenen Kontexten in der Behindertenhilfe. &#8230; <a title=\"Urlaubsreisen begleiten \u2013 allein und in der Gruppe Fabian, Pia und Mark im Interview\" class=\"read-more\" href=\"https:\/\/mobility-with-disabilities.org\/de\/2021\/09\/08\/urlaubsreisen-begleiten-allein-und-in-der-gruppe-fabian-pia-und-mark-im-interview\/\">Weiterlesen <span class=\"screen-reader-text\">Urlaubsreisen begleiten \u2013 allein und in der Gruppe Fabian, Pia und Mark im Interview<\/span><\/a><\/p>\n","protected":false},"author":1,"featured_media":5124,"comment_status":"closed","ping_status":"open","sticky":false,"template":"","format":"standard","meta":{"_bbp_topic_count":0,"_bbp_reply_count":0,"_bbp_total_topic_count":0,"_bbp_total_reply_count":0,"_bbp_voice_count":0,"_bbp_anonymous_reply_count":0,"_bbp_topic_count_hidden":0,"_bbp_reply_count_hidden":0,"_bbp_forum_subforum_count":0},"categories":[52,52],"tags":[],"yoast_head":"<!-- This site is optimized with the Yoast SEO plugin v17.9 - https:\/\/yoast.com\/wordpress\/plugins\/seo\/ -->\n<title>Urlaubsreisen begleiten \u2013 allein und in der Gruppe Fabian, Pia und Mark im Interview - Mobility With Disabilities<\/title>\n<meta name=\"description\" content=\"Prepare to move abroad with the help of International Mobility with Disabilities platform ( info center, testimonials, \u2026).\" \/>\n<meta name=\"robots\" content=\"index, follow, max-snippet:-1, max-image-preview:large, max-video-preview:-1\" \/>\n<link rel=\"canonical\" href=\"https:\/\/mobility-with-disabilities.org\/de\/2021\/09\/08\/urlaubsreisen-begleiten-allein-und-in-der-gruppe-fabian-pia-und-mark-im-interview\/\" \/>\n<meta property=\"og:locale\" content=\"de_DE\" \/>\n<meta property=\"og:type\" content=\"article\" \/>\n<meta property=\"og:title\" content=\"Urlaubsreisen begleiten \u2013 allein und in der Gruppe Fabian, Pia und Mark im Interview - Mobility With Disabilities\" \/>\n<meta property=\"og:description\" content=\"Prepare to move abroad with the help of International Mobility with Disabilities platform ( info center, testimonials, \u2026).\" \/>\n<meta property=\"og:url\" content=\"https:\/\/mobility-with-disabilities.org\/de\/2021\/09\/08\/urlaubsreisen-begleiten-allein-und-in-der-gruppe-fabian-pia-und-mark-im-interview\/\" \/>\n<meta property=\"og:site_name\" content=\"Mobility With Disabilities\" \/>\n<meta property=\"article:published_time\" content=\"2021-09-08T13:04:37+00:00\" \/>\n<meta property=\"article:modified_time\" content=\"2021-09-08T13:04:38+00:00\" \/>\n<meta property=\"og:image\" content=\"https:\/\/mobility-with-disabilities.org\/wp-content\/uploads\/2021\/09\/lukasz-szmigiel-Z4wf3HsWu1M-unsplash-767x1024.jpg\" \/>\n<meta name=\"twitter:card\" content=\"summary_large_image\" \/>\n<meta name=\"twitter:label1\" content=\"Verfasst von\" \/>\n\t<meta name=\"twitter:data1\" content=\"IMD\" \/>\n\t<meta name=\"twitter:label2\" content=\"Gesch\u00e4tzte Lesezeit\" \/>\n\t<meta name=\"twitter:data2\" content=\"12\u00a0Minuten\" \/>\n<script type=\"application\/ld+json\" class=\"yoast-schema-graph\">{\"@context\":\"https:\/\/schema.org\",\"@graph\":[{\"@type\":\"Organization\",\"@id\":\"https:\/\/mobility-with-disabilities.org\/#organization\",\"name\":\"Mobility with disabilities\",\"url\":\"https:\/\/mobility-with-disabilities.org\/\",\"sameAs\":[],\"logo\":{\"@type\":\"ImageObject\",\"@id\":\"https:\/\/mobility-with-disabilities.org\/#logo\",\"inLanguage\":\"de\",\"url\":\"https:\/\/mobility-with-disabilities.org\/wp-content\/uploads\/2019\/11\/logo-Transparent.png\",\"contentUrl\":\"https:\/\/mobility-with-disabilities.org\/wp-content\/uploads\/2019\/11\/logo-Transparent.png\",\"width\":1904,\"height\":638,\"caption\":\"Mobility with disabilities\"},\"image\":{\"@id\":\"https:\/\/mobility-with-disabilities.org\/#logo\"}},{\"@type\":\"WebSite\",\"@id\":\"https:\/\/mobility-with-disabilities.org\/#website\",\"url\":\"https:\/\/mobility-with-disabilities.org\/\",\"name\":\"Mobility With Disabilities\",\"description\":\"\",\"publisher\":{\"@id\":\"https:\/\/mobility-with-disabilities.org\/#organization\"},\"potentialAction\":[{\"@type\":\"SearchAction\",\"target\":{\"@type\":\"EntryPoint\",\"urlTemplate\":\"https:\/\/mobility-with-disabilities.org\/?s={search_term_string}\"},\"query-input\":\"required name=search_term_string\"}],\"inLanguage\":\"de\"},{\"@type\":\"ImageObject\",\"@id\":\"https:\/\/mobility-with-disabilities.org\/de\/2021\/09\/08\/urlaubsreisen-begleiten-allein-und-in-der-gruppe-fabian-pia-und-mark-im-interview\/#primaryimage\",\"inLanguage\":\"de\",\"url\":\"https:\/\/mobility-with-disabilities.org\/wp-content\/uploads\/2021\/09\/anton-sharov-_kkx1WekVRY-unsplash-scaled.jpg\",\"contentUrl\":\"https:\/\/mobility-with-disabilities.org\/wp-content\/uploads\/2021\/09\/anton-sharov-_kkx1WekVRY-unsplash-scaled.jpg\",\"width\":2560,\"height\":1920},{\"@type\":\"WebPage\",\"@id\":\"https:\/\/mobility-with-disabilities.org\/de\/2021\/09\/08\/urlaubsreisen-begleiten-allein-und-in-der-gruppe-fabian-pia-und-mark-im-interview\/#webpage\",\"url\":\"https:\/\/mobility-with-disabilities.org\/de\/2021\/09\/08\/urlaubsreisen-begleiten-allein-und-in-der-gruppe-fabian-pia-und-mark-im-interview\/\",\"name\":\"Urlaubsreisen begleiten \\u2013 allein und in der Gruppe Fabian, Pia und Mark im Interview - Mobility With Disabilities\",\"isPartOf\":{\"@id\":\"https:\/\/mobility-with-disabilities.org\/#website\"},\"primaryImageOfPage\":{\"@id\":\"https:\/\/mobility-with-disabilities.org\/de\/2021\/09\/08\/urlaubsreisen-begleiten-allein-und-in-der-gruppe-fabian-pia-und-mark-im-interview\/#primaryimage\"},\"datePublished\":\"2021-09-08T13:04:37+00:00\",\"dateModified\":\"2021-09-08T13:04:38+00:00\",\"description\":\"Prepare to move abroad with the help of International Mobility with Disabilities platform ( info center, testimonials, \\u2026).\",\"breadcrumb\":{\"@id\":\"https:\/\/mobility-with-disabilities.org\/de\/2021\/09\/08\/urlaubsreisen-begleiten-allein-und-in-der-gruppe-fabian-pia-und-mark-im-interview\/#breadcrumb\"},\"inLanguage\":\"de\",\"potentialAction\":[{\"@type\":\"ReadAction\",\"target\":[\"https:\/\/mobility-with-disabilities.org\/de\/2021\/09\/08\/urlaubsreisen-begleiten-allein-und-in-der-gruppe-fabian-pia-und-mark-im-interview\/\"]}]},{\"@type\":\"BreadcrumbList\",\"@id\":\"https:\/\/mobility-with-disabilities.org\/de\/2021\/09\/08\/urlaubsreisen-begleiten-allein-und-in-der-gruppe-fabian-pia-und-mark-im-interview\/#breadcrumb\",\"itemListElement\":[{\"@type\":\"ListItem\",\"position\":1,\"name\":\"Accueil\",\"item\":\"https:\/\/mobility-with-disabilities.org\/de\/\"},{\"@type\":\"ListItem\",\"position\":2,\"name\":\"Unkategorisiert\",\"item\":\"https:\/\/mobility-with-disabilities.org\/de\/category\/unkategorisiert\/\"},{\"@type\":\"ListItem\",\"position\":3,\"name\":\"Urlaubsreisen begleiten \\u2013 allein und in der Gruppe Fabian, Pia und Mark im Interview\"}]},{\"@type\":\"Article\",\"@id\":\"https:\/\/mobility-with-disabilities.org\/de\/2021\/09\/08\/urlaubsreisen-begleiten-allein-und-in-der-gruppe-fabian-pia-und-mark-im-interview\/#article\",\"isPartOf\":{\"@id\":\"https:\/\/mobility-with-disabilities.org\/de\/2021\/09\/08\/urlaubsreisen-begleiten-allein-und-in-der-gruppe-fabian-pia-und-mark-im-interview\/#webpage\"},\"author\":{\"@id\":\"https:\/\/mobility-with-disabilities.org\/#\/schema\/person\/bdb55c7f96e9d52e93b88565348fe59b\"},\"headline\":\"Urlaubsreisen begleiten \\u2013 allein und in der Gruppe Fabian, Pia und Mark im Interview\",\"datePublished\":\"2021-09-08T13:04:37+00:00\",\"dateModified\":\"2021-09-08T13:04:38+00:00\",\"mainEntityOfPage\":{\"@id\":\"https:\/\/mobility-with-disabilities.org\/de\/2021\/09\/08\/urlaubsreisen-begleiten-allein-und-in-der-gruppe-fabian-pia-und-mark-im-interview\/#webpage\"},\"wordCount\":2473,\"publisher\":{\"@id\":\"https:\/\/mobility-with-disabilities.org\/#organization\"},\"image\":{\"@id\":\"https:\/\/mobility-with-disabilities.org\/de\/2021\/09\/08\/urlaubsreisen-begleiten-allein-und-in-der-gruppe-fabian-pia-und-mark-im-interview\/#primaryimage\"},\"thumbnailUrl\":\"https:\/\/mobility-with-disabilities.org\/wp-content\/uploads\/2021\/09\/anton-sharov-_kkx1WekVRY-unsplash-scaled.jpg\",\"articleSection\":[\"Unkategorisiert\",\"Unkategorisiert\"],\"inLanguage\":\"de\"},{\"@type\":\"Person\",\"@id\":\"https:\/\/mobility-with-disabilities.org\/#\/schema\/person\/bdb55c7f96e9d52e93b88565348fe59b\",\"name\":\"IMD\",\"image\":{\"@type\":\"ImageObject\",\"@id\":\"https:\/\/mobility-with-disabilities.org\/#personlogo\",\"inLanguage\":\"de\",\"url\":\"https:\/\/mobility-with-disabilities.org\/wp-content\/uploads\/2020\/05\/logo-Transparent-carre\\u0301-150x150.png\",\"contentUrl\":\"https:\/\/mobility-with-disabilities.org\/wp-content\/uploads\/2020\/05\/logo-Transparent-carre\\u0301-150x150.png\",\"caption\":\"IMD\"},\"sameAs\":[\"IMD\"]}]}<\/script>\n<!-- \/ Yoast SEO plugin. -->","yoast_head_json":{"title":"Urlaubsreisen begleiten \u2013 allein und in der Gruppe Fabian, Pia und Mark im Interview - Mobility With Disabilities","description":"Prepare to move abroad with the help of International Mobility with Disabilities platform ( info center, testimonials, \u2026).","robots":{"index":"index","follow":"follow","max-snippet":"max-snippet:-1","max-image-preview":"max-image-preview:large","max-video-preview":"max-video-preview:-1"},"canonical":"https:\/\/mobility-with-disabilities.org\/de\/2021\/09\/08\/urlaubsreisen-begleiten-allein-und-in-der-gruppe-fabian-pia-und-mark-im-interview\/","og_locale":"de_DE","og_type":"article","og_title":"Urlaubsreisen begleiten \u2013 allein und in der Gruppe Fabian, Pia und Mark im Interview - Mobility With Disabilities","og_description":"Prepare to move abroad with the help of International Mobility with Disabilities platform ( info center, testimonials, \u2026).","og_url":"https:\/\/mobility-with-disabilities.org\/de\/2021\/09\/08\/urlaubsreisen-begleiten-allein-und-in-der-gruppe-fabian-pia-und-mark-im-interview\/","og_site_name":"Mobility With Disabilities","article_published_time":"2021-09-08T13:04:37+00:00","article_modified_time":"2021-09-08T13:04:38+00:00","og_image":[{"url":"https:\/\/mobility-with-disabilities.org\/wp-content\/uploads\/2021\/09\/lukasz-szmigiel-Z4wf3HsWu1M-unsplash-767x1024.jpg"}],"twitter_card":"summary_large_image","twitter_misc":{"Verfasst von":"IMD","Gesch\u00e4tzte Lesezeit":"12\u00a0Minuten"},"schema":{"@context":"https:\/\/schema.org","@graph":[{"@type":"Organization","@id":"https:\/\/mobility-with-disabilities.org\/#organization","name":"Mobility with disabilities","url":"https:\/\/mobility-with-disabilities.org\/","sameAs":[],"logo":{"@type":"ImageObject","@id":"https:\/\/mobility-with-disabilities.org\/#logo","inLanguage":"de","url":"https:\/\/mobility-with-disabilities.org\/wp-content\/uploads\/2019\/11\/logo-Transparent.png","contentUrl":"https:\/\/mobility-with-disabilities.org\/wp-content\/uploads\/2019\/11\/logo-Transparent.png","width":1904,"height":638,"caption":"Mobility with disabilities"},"image":{"@id":"https:\/\/mobility-with-disabilities.org\/#logo"}},{"@type":"WebSite","@id":"https:\/\/mobility-with-disabilities.org\/#website","url":"https:\/\/mobility-with-disabilities.org\/","name":"Mobility With Disabilities","description":"","publisher":{"@id":"https:\/\/mobility-with-disabilities.org\/#organization"},"potentialAction":[{"@type":"SearchAction","target":{"@type":"EntryPoint","urlTemplate":"https:\/\/mobility-with-disabilities.org\/?s={search_term_string}"},"query-input":"required name=search_term_string"}],"inLanguage":"de"},{"@type":"ImageObject","@id":"https:\/\/mobility-with-disabilities.org\/de\/2021\/09\/08\/urlaubsreisen-begleiten-allein-und-in-der-gruppe-fabian-pia-und-mark-im-interview\/#primaryimage","inLanguage":"de","url":"https:\/\/mobility-with-disabilities.org\/wp-content\/uploads\/2021\/09\/anton-sharov-_kkx1WekVRY-unsplash-scaled.jpg","contentUrl":"https:\/\/mobility-with-disabilities.org\/wp-content\/uploads\/2021\/09\/anton-sharov-_kkx1WekVRY-unsplash-scaled.jpg","width":2560,"height":1920},{"@type":"WebPage","@id":"https:\/\/mobility-with-disabilities.org\/de\/2021\/09\/08\/urlaubsreisen-begleiten-allein-und-in-der-gruppe-fabian-pia-und-mark-im-interview\/#webpage","url":"https:\/\/mobility-with-disabilities.org\/de\/2021\/09\/08\/urlaubsreisen-begleiten-allein-und-in-der-gruppe-fabian-pia-und-mark-im-interview\/","name":"Urlaubsreisen begleiten \u2013 allein und in der Gruppe Fabian, Pia und Mark im Interview - Mobility With Disabilities","isPartOf":{"@id":"https:\/\/mobility-with-disabilities.org\/#website"},"primaryImageOfPage":{"@id":"https:\/\/mobility-with-disabilities.org\/de\/2021\/09\/08\/urlaubsreisen-begleiten-allein-und-in-der-gruppe-fabian-pia-und-mark-im-interview\/#primaryimage"},"datePublished":"2021-09-08T13:04:37+00:00","dateModified":"2021-09-08T13:04:38+00:00","description":"Prepare to move abroad with the help of International Mobility with Disabilities platform ( info center, testimonials, \u2026).","breadcrumb":{"@id":"https:\/\/mobility-with-disabilities.org\/de\/2021\/09\/08\/urlaubsreisen-begleiten-allein-und-in-der-gruppe-fabian-pia-und-mark-im-interview\/#breadcrumb"},"inLanguage":"de","potentialAction":[{"@type":"ReadAction","target":["https:\/\/mobility-with-disabilities.org\/de\/2021\/09\/08\/urlaubsreisen-begleiten-allein-und-in-der-gruppe-fabian-pia-und-mark-im-interview\/"]}]},{"@type":"BreadcrumbList","@id":"https:\/\/mobility-with-disabilities.org\/de\/2021\/09\/08\/urlaubsreisen-begleiten-allein-und-in-der-gruppe-fabian-pia-und-mark-im-interview\/#breadcrumb","itemListElement":[{"@type":"ListItem","position":1,"name":"Accueil","item":"https:\/\/mobility-with-disabilities.org\/de\/"},{"@type":"ListItem","position":2,"name":"Unkategorisiert","item":"https:\/\/mobility-with-disabilities.org\/de\/category\/unkategorisiert\/"},{"@type":"ListItem","position":3,"name":"Urlaubsreisen begleiten \u2013 allein und in der Gruppe Fabian, Pia und Mark im Interview"}]},{"@type":"Article","@id":"https:\/\/mobility-with-disabilities.org\/de\/2021\/09\/08\/urlaubsreisen-begleiten-allein-und-in-der-gruppe-fabian-pia-und-mark-im-interview\/#article","isPartOf":{"@id":"https:\/\/mobility-with-disabilities.org\/de\/2021\/09\/08\/urlaubsreisen-begleiten-allein-und-in-der-gruppe-fabian-pia-und-mark-im-interview\/#webpage"},"author":{"@id":"https:\/\/mobility-with-disabilities.org\/#\/schema\/person\/bdb55c7f96e9d52e93b88565348fe59b"},"headline":"Urlaubsreisen begleiten \u2013 allein und in der Gruppe Fabian, Pia und Mark im Interview","datePublished":"2021-09-08T13:04:37+00:00","dateModified":"2021-09-08T13:04:38+00:00","mainEntityOfPage":{"@id":"https:\/\/mobility-with-disabilities.org\/de\/2021\/09\/08\/urlaubsreisen-begleiten-allein-und-in-der-gruppe-fabian-pia-und-mark-im-interview\/#webpage"},"wordCount":2473,"publisher":{"@id":"https:\/\/mobility-with-disabilities.org\/#organization"},"image":{"@id":"https:\/\/mobility-with-disabilities.org\/de\/2021\/09\/08\/urlaubsreisen-begleiten-allein-und-in-der-gruppe-fabian-pia-und-mark-im-interview\/#primaryimage"},"thumbnailUrl":"https:\/\/mobility-with-disabilities.org\/wp-content\/uploads\/2021\/09\/anton-sharov-_kkx1WekVRY-unsplash-scaled.jpg","articleSection":["Unkategorisiert","Unkategorisiert"],"inLanguage":"de"},{"@type":"Person","@id":"https:\/\/mobility-with-disabilities.org\/#\/schema\/person\/bdb55c7f96e9d52e93b88565348fe59b","name":"IMD","image":{"@type":"ImageObject","@id":"https:\/\/mobility-with-disabilities.org\/#personlogo","inLanguage":"de","url":"https:\/\/mobility-with-disabilities.org\/wp-content\/uploads\/2020\/05\/logo-Transparent-carre\u0301-150x150.png","contentUrl":"https:\/\/mobility-with-disabilities.org\/wp-content\/uploads\/2020\/05\/logo-Transparent-carre\u0301-150x150.png","caption":"IMD"},"sameAs":["IMD"]}]}},"uagb_featured_image_src":{"full":["https:\/\/mobility-with-disabilities.org\/wp-content\/uploads\/2021\/09\/anton-sharov-_kkx1WekVRY-unsplash-scaled.jpg",2560,1920,false],"thumbnail":["https:\/\/mobility-with-disabilities.org\/wp-content\/uploads\/2021\/09\/anton-sharov-_kkx1WekVRY-unsplash-150x150.jpg",150,150,true],"medium":["https:\/\/mobility-with-disabilities.org\/wp-content\/uploads\/2021\/09\/anton-sharov-_kkx1WekVRY-unsplash-300x225.jpg",300,225,true],"medium_large":["https:\/\/mobility-with-disabilities.org\/wp-content\/uploads\/2021\/09\/anton-sharov-_kkx1WekVRY-unsplash-768x576.jpg",768,576,true],"large":["https:\/\/mobility-with-disabilities.org\/wp-content\/uploads\/2021\/09\/anton-sharov-_kkx1WekVRY-unsplash-1024x768.jpg",1024,768,true],"1536x1536":["https:\/\/mobility-with-disabilities.org\/wp-content\/uploads\/2021\/09\/anton-sharov-_kkx1WekVRY-unsplash-1536x1152.jpg",1536,1152,true],"2048x2048":["https:\/\/mobility-with-disabilities.org\/wp-content\/uploads\/2021\/09\/anton-sharov-_kkx1WekVRY-unsplash-2048x1536.jpg",2048,1536,true],"alm-thumbnail":["https:\/\/mobility-with-disabilities.org\/wp-content\/uploads\/2021\/09\/anton-sharov-_kkx1WekVRY-unsplash-150x150.jpg",150,150,true],"course_thumbnail":["https:\/\/mobility-with-disabilities.org\/wp-content\/uploads\/2021\/09\/anton-sharov-_kkx1WekVRY-unsplash-400x250.jpg",400,250,true],"profile_24":["https:\/\/mobility-with-disabilities.org\/wp-content\/uploads\/2021\/09\/anton-sharov-_kkx1WekVRY-unsplash-24x24.jpg",24,24,true],"profile_48":["https:\/\/mobility-with-disabilities.org\/wp-content\/uploads\/2021\/09\/anton-sharov-_kkx1WekVRY-unsplash-48x48.jpg",48,48,true],"profile_96":["https:\/\/mobility-with-disabilities.org\/wp-content\/uploads\/2021\/09\/anton-sharov-_kkx1WekVRY-unsplash-96x96.jpg",96,96,true],"profile_150":["https:\/\/mobility-with-disabilities.org\/wp-content\/uploads\/2021\/09\/anton-sharov-_kkx1WekVRY-unsplash-150x150.jpg",150,150,true],"profile_300":["https:\/\/mobility-with-disabilities.org\/wp-content\/uploads\/2021\/09\/anton-sharov-_kkx1WekVRY-unsplash-300x300.jpg",300,300,true]},"uagb_author_info":{"display_name":"IMD","author_link":"https:\/\/mobility-with-disabilities.org\/de\/author\/admin4690\/"},"uagb_comment_info":0,"uagb_excerpt":"Die drei Heilerziehungspfleger*innen haben sich durch ihre Ausbildung in Berlin kennengelernt und arbeiten seitdem in verschiedenen Kontexten in der Behindertenhilfe. ... Weiterlesen Urlaubsreisen begleiten \u2013 allein und in der Gruppe Fabian, Pia und Mark im Interview","_links":{"self":[{"href":"https:\/\/mobility-with-disabilities.org\/de\/wp-json\/wp\/v2\/posts\/5142"}],"collection":[{"href":"https:\/\/mobility-with-disabilities.org\/de\/wp-json\/wp\/v2\/posts"}],"about":[{"href":"https:\/\/mobility-with-disabilities.org\/de\/wp-json\/wp\/v2\/types\/post"}],"author":[{"embeddable":true,"href":"https:\/\/mobility-with-disabilities.org\/de\/wp-json\/wp\/v2\/users\/1"}],"replies":[{"embeddable":true,"href":"https:\/\/mobility-with-disabilities.org\/de\/wp-json\/wp\/v2\/comments?post=5142"}],"version-history":[{"count":1,"href":"https:\/\/mobility-with-disabilities.org\/de\/wp-json\/wp\/v2\/posts\/5142\/revisions"}],"predecessor-version":[{"id":5143,"href":"https:\/\/mobility-with-disabilities.org\/de\/wp-json\/wp\/v2\/posts\/5142\/revisions\/5143"}],"wp:featuredmedia":[{"embeddable":true,"href":"https:\/\/mobility-with-disabilities.org\/de\/wp-json\/wp\/v2\/media\/5124"}],"wp:attachment":[{"href":"https:\/\/mobility-with-disabilities.org\/de\/wp-json\/wp\/v2\/media?parent=5142"}],"wp:term":[{"taxonomy":"category","embeddable":true,"href":"https:\/\/mobility-with-disabilities.org\/de\/wp-json\/wp\/v2\/categories?post=5142"},{"taxonomy":"post_tag","embeddable":true,"href":"https:\/\/mobility-with-disabilities.org\/de\/wp-json\/wp\/v2\/tags?post=5142"}],"curies":[{"name":"wp","href":"https:\/\/api.w.org\/{rel}","templated":true}]}}